{"id":1023,"date":"2017-03-23T09:50:51","date_gmt":"2017-03-23T09:50:51","guid":{"rendered":"https:\/\/www.fueradecampofilms.com\/blog\/?p=1023"},"modified":"2017-03-23T09:50:51","modified_gmt":"2017-03-23T09:50:51","slug":"septimo-arte-primer-lugar","status":"publish","type":"post","link":"https:\/\/www.fueradecampofilms.com\/blog\/septimo-arte-primer-lugar\/","title":{"rendered":"El S\u00e9ptimo Arte en primer lugar"},"content":{"rendered":"<p><span style=\"color: #800000;\"><b>NUESTRA F\u00d3RMULA<\/b><\/span><\/p>\n<p><span style=\"color: #000000; font-family: arial, helvetica, sans-serif; font-size: 12pt;\">Hola! Estamos a punto de lanzar campa\u00f1as de nuestros proyectos en Verkami y hemos querido unir en este post los \u00e9xitos de Fuera de Campo como productora y distribuidora. Hemos tenido varios clientes que confiaron en nosotros y no es para menos porque hemos conseguido muchos resultados gracias a la promoci\u00f3n y m\u00e1xima difusi\u00f3n.<\/span><\/p>\n<p><span style=\"color: #800000; font-family: arial, helvetica, sans-serif; font-size: 12pt;\"><b>\u00bfC\u00f3mo lo hacemos?<\/b><\/span><\/p>\n<p><span style=\"color: #000000; font-family: arial, helvetica, sans-serif; font-size: 12pt;\">Dise\u00f1amos estrategias de distribuci\u00f3n y financiaci\u00f3n con mucha meticulosidad y entrega. Somos conscientes de que cada obra audiovisual ha visto la luz gracias al esfuerzo y a la ilusi\u00f3n de todo un equipo de creadores que trabaja duro para conseguirlo. Nuestra pasi\u00f3n es aportar nuestros conocimientos para que ning\u00fan proyecto quede en el anonimato.<\/span><\/p>\n<p><span style=\"color: #000000; font-family: arial, helvetica, sans-serif; font-size: 12pt;\">Este es el caso del cortometraje Ur\u00f3boros, de Mercedes Gonz\u00e1lez, que qued\u00f3 seleccionado en varios festivales y sigue sumando nominaciones y premios!<\/span><\/p>\n<p><span style=\"color: #000000; font-family: arial, helvetica, sans-serif; font-size: 12pt;\"><span lang=\"es-ES\"><span style=\"color: #000000;\"><span lang=\"es-ES\"><b>Selecciones obtenidas:<\/b><\/span><\/span><\/span><\/span><\/p>\n<ul>\n<li><span style=\"color: #000000; font-family: arial, helvetica, sans-serif; font-size: 12pt;\"><span lang=\"es-ES\"><span style=\"color: #000000;\"><span lang=\"es-ES\">POST MORTEM<\/span><\/span><\/span><\/span><\/li>\n<li><span style=\"color: #000000; font-family: arial, helvetica, sans-serif; font-size: 12pt;\"><span lang=\"es-ES\"><span lang=\"en-US\">X<\/span><\/span><span lang=\"es-ES\"><span lang=\"fr-FR\">\u00e0<\/span><\/span><span lang=\"es-ES\"><span lang=\"it-IT\">bia Negra FilmFest<\/span><\/span><\/span><\/li>\n<li><span style=\"color: #000000; font-family: arial, helvetica, sans-serif; font-size: 12pt;\"><span lang=\"es-ES\">Cerdanya Film Festival<\/span><\/span><\/li>\n<li><span style=\"color: #000000; font-family: arial, helvetica, sans-serif; font-size: 12pt;\"><span lang=\"es-ES\">El festival de CyLTV \u2018CyLnema en corto.<\/span><\/span><\/li>\n<li><span style=\"color: #000000; font-family: arial, helvetica, sans-serif; font-size: 12pt;\"><span lang=\"es-ES\">Festival Internacional de Cortometrajes de Terror y Fant\u00e1stico \u201cTerror\u00edficamente Cortos\u201c.<\/span><\/span><\/li>\n<li><span style=\"color: #000000; font-family: arial, helvetica, sans-serif; font-size: 12pt;\"><span lang=\"es-ES\">ARTE NON STOP FESTIVAL &#8211; FESTIVAL INTERNACIONAL DE CINE Y ARTE.<\/span><\/span><\/li>\n<li><span style=\"color: #000000; font-family: arial, helvetica, sans-serif; font-size: 12pt;\"><span style=\"color: #1d2129;\"><span lang=\"es-ES\">El Festival Piff 2017<\/span><\/span><\/span><\/li>\n<li><span style=\"color: #000000; font-family: arial, helvetica, sans-serif; font-size: 12pt;\"><span style=\"color: #1d2129;\"><span lang=\"es-ES\">EL CINE DE CASTILLA Y LE\u00d3N de la 30\u00aa edici\u00f3n del Festival de Cine de Medina del Campo<\/span><\/span><\/span><\/li>\n<\/ul>\n<p><span style=\"color: #000000; font-family: arial, helvetica, sans-serif; font-size: 12pt;\"><span lang=\"es-ES\"><span lang=\"es-ES\"><b>Premios:<\/b><\/span><\/span>\u00a0\u00a0<\/span><\/p>\n<ul>\n<li><span style=\"color: #000000; font-family: arial, helvetica, sans-serif; font-size: 12pt;\"><span lang=\"es-ES\"><span style=\"color: #434343;\"><span lang=\"it-IT\">Premi Promofest distribuci<\/span><\/span><\/span><span lang=\"es-ES\"><span style=\"color: #434343;\"><span lang=\"es-ES\">\u00f3 <\/span><\/span><\/span><span lang=\"es-ES\"><span style=\"color: #434343;\"><span lang=\"it-IT\">25 enviaments nazionale.\u00a0<\/span><\/span><\/span><\/span><\/li>\n<li><span style=\"font-family: arial, helvetica, sans-serif; font-size: 12pt;\">Mejor corto estudiantes en CyLnema en corto.<\/span><\/li>\n<\/ul>\n<p><span style=\"color: #000000; font-family: arial, helvetica, sans-serif; font-size: 12pt;\">Os invitamos a ver los logros de Fuera de Campo Films: <a href=\"http:\/\/fueradecampofilms.com\/fcf\/proyectos.php\">http:\/\/fueradecampofilms.com\/fcf\/proyectos.php<\/a><\/span><\/p>\n<p><span style=\"color: #000000; font-family: arial, helvetica, sans-serif; font-size: 12pt;\">\u00a1Hasta la pr\u00f3xima!<\/span><\/p>\n<p>&nbsp;<\/p>\n","protected":false},"excerpt":{"rendered":"<p>NUESTRA F\u00d3RMULA Hola! Estamos a punto de lanzar campa\u00f1as de nuestros proyectos en Verkami y hemos querido unir en este post los \u00e9xitos de Fuera de Campo como productora y distribuidora. Hemos tenido varios clientes que confiaron en nosotros y no es para menos porque hemos conseguido muchos resultados gracias a la promoci\u00f3n y m\u00e1xima [&hellip;]<\/p>\n","protected":false},"author":10,"featured_media":1025,"comment_status":"open","ping_status":"open","sticky":false,"template":"","format":"standard","meta":{"footnotes":""},"categories":[1],"tags":[],"_links":{"self":[{"href":"https:\/\/www.fueradecampofilms.com\/blog\/wp-json\/wp\/v2\/posts\/1023"}],"collection":[{"href":"https:\/\/www.fueradecampofilms.com\/blog\/wp-json\/wp\/v2\/posts"}],"about":[{"href":"https:\/\/www.fueradecampofilms.com\/blog\/wp-json\/wp\/v2\/types\/post"}],"author":[{"embeddable":true,"href":"https:\/\/www.fueradecampofilms.com\/blog\/wp-json\/wp\/v2\/users\/10"}],"replies":[{"embeddable":true,"href":"https:\/\/www.fueradecampofilms.com\/blog\/wp-json\/wp\/v2\/comments?post=1023"}],"version-history":[{"count":1,"href":"https:\/\/www.fueradecampofilms.com\/blog\/wp-json\/wp\/v2\/posts\/1023\/revisions"}],"predecessor-version":[{"id":1024,"href":"https:\/\/www.fueradecampofilms.com\/blog\/wp-json\/wp\/v2\/posts\/1023\/revisions\/1024"}],"wp:featuredmedia":[{"embeddable":true,"href":"https:\/\/www.fueradecampofilms.com\/blog\/wp-json\/wp\/v2\/media\/1025"}],"wp:attachment":[{"href":"https:\/\/www.fueradecampofilms.com\/blog\/wp-json\/wp\/v2\/media?parent=1023"}],"wp:term":[{"taxonomy":"category","embeddable":true,"href":"https:\/\/www.fueradecampofilms.com\/blog\/wp-json\/wp\/v2\/categories?post=1023"},{"taxonomy":"post_tag","embeddable":true,"href":"https:\/\/www.fueradecampofilms.com\/blog\/wp-json\/wp\/v2\/tags?post=1023"}],"curies":[{"name":"wp","href":"https:\/\/api.w.org\/{rel}","templated":true}]}}