{"id":339,"date":"2016-03-03T03:56:48","date_gmt":"2016-03-03T03:56:48","guid":{"rendered":"https:\/\/www.fueradecampofilms.com\/blog\/?p=339"},"modified":"2016-06-30T02:50:36","modified_gmt":"2016-06-30T02:50:36","slug":"uroboros-la-v-mostra-curtmetratges-plato-cinema","status":"publish","type":"post","link":"https:\/\/www.fueradecampofilms.com\/blog\/uroboros-la-v-mostra-curtmetratges-plato-cinema\/","title":{"rendered":"Ur\u00f3boros en la V Mostra de curtmetratges de Plat\u00f3 de Cinema"},"content":{"rendered":"<p>[vc_row][vc_column][vc_column_text]<\/p>\n<p style=\"text-align: justify; font-family: garamond; font-size: 18px; color: black;\">El pasado 26 de febrero se celebr\u00f3\u00a0la\u00a0<a href=\"http:\/\/En ella pudimos ver los trabajos de final de curso de alumnos de 1\u00ba, 2\u00ba y 3r curso. En estos cortometrajes no solo vimos el trabajo de los alumnos de Cine (Directores, Directores de Fotograf\u00eda, Jefes de producci\u00f3n, etc.), sino que tambi\u00e9n disfrutamos con el trabajo de los alumnos de interpretaci\u00f3n como los protagonistas de las historias. Una fiesta d\u00f3nde los alumnos fueron los protagonistas y pudieron mostrar sus trabajos a familiares, amigos, profesores y gente de la industria del cine invitados por la escuela.\" onclick=\"__gaTracker('send', 'event', 'outbound-article', 'http:\/\/En ella pudimos ver los trabajos de final de curso de alumnos de 1\u00ba, 2\u00ba y 3r curso. En estos cortometrajes no solo vimos el trabajo de los alumnos de Cine (Directores, Directores de Fotograf\u00eda, Jefes de producci\u00f3n, etc.), sino que tambi\u00e9n disfrutamos con el trabajo de los alumnos de interpretaci\u00f3n como los protagonistas de las historias. Una fiesta d\u00f3nde los alumnos fueron los protagonistas y pudieron mostrar sus trabajos a familiares, amigos, profesores y gente de la industria del cine invitados por la escuela.', 'Mostra de Curts de Plato de Cinema');\" target=\"_blank\">Mostra de Curts de Plato de Cinema<\/a>, que este 2016 alcanzaba\u00a0su quinta edici\u00f3n en los cines Filmax Granvia.<\/p>\n<p><img loading=\"lazy\" decoding=\"async\" class=\"alignleft wp-image-345 size-medium\" src=\"https:\/\/www.fueradecampofilms.com\/blog\/wp-content\/uploads\/2016\/03\/uroboros-en-el-cine_-300x208.jpg\" alt=\"uroboros en el cine_\" width=\"300\" height=\"208\" srcset=\"https:\/\/www.fueradecampofilms.com\/blog\/wp-content\/uploads\/2016\/03\/uroboros-en-el-cine_-300x208.jpg 300w, https:\/\/www.fueradecampofilms.com\/blog\/wp-content\/uploads\/2016\/03\/uroboros-en-el-cine_-768x533.jpg 768w, https:\/\/www.fueradecampofilms.com\/blog\/wp-content\/uploads\/2016\/03\/uroboros-en-el-cine_.jpg 799w\" sizes=\"(max-width: 300px) 100vw, 300px\" \/><\/p>\n<p style=\"text-align: justify; font-family: garamond; font-size: 18px; color: black;\">Adem\u00e1s de ser una <a href=\"http:\/\/En ella pudimos ver los trabajos de final de curso de alumnos de 1\u00ba, 2\u00ba y 3r curso. En estos cortometrajes no solo vimos el trabajo de los alumnos de Cine (Directores, Directores de Fotograf\u00eda, Jefes de producci\u00f3n, etc.), sino que tambi\u00e9n disfrutamos con el trabajo de los alumnos de interpretaci\u00f3n como los protagonistas de las historias. Una fiesta d\u00f3nde los alumnos fueron los protagonistas y pudieron mostrar sus trabajos a familiares, amigos, profesores y gente de la industria del cine invitados por la escuela.\" onclick=\"__gaTracker('send', 'event', 'outbound-article', 'http:\/\/En ella pudimos ver los trabajos de final de curso de alumnos de 1\u00ba, 2\u00ba y 3r curso. En estos cortometrajes no solo vimos el trabajo de los alumnos de Cine (Directores, Directores de Fotograf\u00eda, Jefes de producci\u00f3n, etc.), sino que tambi\u00e9n disfrutamos con el trabajo de los alumnos de interpretaci\u00f3n como los protagonistas de las historias. Una fiesta d\u00f3nde los alumnos fueron los protagonistas y pudieron mostrar sus trabajos a familiares, amigos, profesores y gente de la industria del cine invitados por la escuela.', 'gran iniciativa de la escuela de cine de Hospitalet');\" target=\"_blank\">gran iniciativa de la escuela de cine de Hospitalet<\/a>, El Plat\u00f3 de Cinema, y la oportunidad de ver los trabajos de final de curso de sus alumnos de 1\u00ba, 2\u00ba y 3r curso, hemos querido darle cabida aqu\u00ed en Fuera de Campo Magazine porque supuso la <strong>proyecci\u00f3n en pantalla grande en una sala de cine del teaser de nuestro cortometraje Ur\u00f3boros, a falta de\u00a0tenerlo acabado en ese momento.<\/strong><\/p>\n<p style=\"text-align: justify; font-family: garamond; font-size: 18px; color: black;\">Con la proyecci\u00f3n de estos cortometrajes, la escuela pretende mostrar el trabajo de los alumnos de Cine (Directores, Directores de Fotograf\u00eda, Jefes de producci\u00f3n, etc.) <strong>y que el p\u00fablico asistente disfrute con el trabajo de los alumnos de interpretaci\u00f3n como protagonistas de las historias.<\/strong> Como en las cuatro ediciones anteriores, fue una fiesta donde los alumnos fueron los protagonistas y pudieron mostrar sus trabajos a familiares, amigos, profesores y gente de la industria del cine invitados por la escuela.<\/p>\n<p><iframe loading=\"lazy\" src=\"https:\/\/player.vimeo.com\/video\/133827168\" width=\"500\" height=\"281\" frameborder=\"0\" allowfullscreen=\"allowfullscreen\"><\/iframe><\/p>\n<p><a href=\"https:\/\/vimeo.com\/133827168\" onclick=\"__gaTracker('send', 'event', 'outbound-article', 'https:\/\/vimeo.com\/133827168', 'UR\u00d3BOROS TEASER');\">UR\u00d3BOROS TEASER<\/a> from <a href=\"https:\/\/vimeo.com\/uroborosthefilm\" onclick=\"__gaTracker('send', 'event', 'outbound-article', 'https:\/\/vimeo.com\/uroborosthefilm', 'uroboros the film');\">uroboros the film<\/a> on <a href=\"https:\/\/vimeo.com\" onclick=\"__gaTracker('send', 'event', 'outbound-article', 'https:\/\/vimeo.com', 'Vimeo');\">Vimeo<\/a>.[\/vc_column_text][\/vc_column][\/vc_row]<\/p>\n","protected":false},"excerpt":{"rendered":"<p>[vc_row][vc_column][vc_column_text] El pasado 26 de febrero se celebr\u00f3\u00a0la\u00a0Mostra de Curts de Plato de Cinema, que este 2016 alcanzaba\u00a0su quinta edici\u00f3n en los cines Filmax Granvia. Adem\u00e1s de ser una gran iniciativa de la escuela de cine de Hospitalet, El Plat\u00f3 de Cinema, y la oportunidad de ver los trabajos de final de curso de sus [&hellip;]<\/p>\n","protected":false},"author":7,"featured_media":341,"comment_status":"open","ping_status":"open","sticky":false,"template":"","format":"standard","meta":{"footnotes":""},"categories":[48],"tags":[134,127,136,132,123,131,122,126,128,125,99,129,120,130,135,124,74,133],"_links":{"self":[{"href":"https:\/\/www.fueradecampofilms.com\/blog\/wp-json\/wp\/v2\/posts\/339"}],"collection":[{"href":"https:\/\/www.fueradecampofilms.com\/blog\/wp-json\/wp\/v2\/posts"}],"about":[{"href":"https:\/\/www.fueradecampofilms.com\/blog\/wp-json\/wp\/v2\/types\/post"}],"author":[{"embeddable":true,"href":"https:\/\/www.fueradecampofilms.com\/blog\/wp-json\/wp\/v2\/users\/7"}],"replies":[{"embeddable":true,"href":"https:\/\/www.fueradecampofilms.com\/blog\/wp-json\/wp\/v2\/comments?post=339"}],"version-history":[{"count":10,"href":"https:\/\/www.fueradecampofilms.com\/blog\/wp-json\/wp\/v2\/posts\/339\/revisions"}],"predecessor-version":[{"id":826,"href":"https:\/\/www.fueradecampofilms.com\/blog\/wp-json\/wp\/v2\/posts\/339\/revisions\/826"}],"wp:featuredmedia":[{"embeddable":true,"href":"https:\/\/www.fueradecampofilms.com\/blog\/wp-json\/wp\/v2\/media\/341"}],"wp:attachment":[{"href":"https:\/\/www.fueradecampofilms.com\/blog\/wp-json\/wp\/v2\/media?parent=339"}],"wp:term":[{"taxonomy":"category","embeddable":true,"href":"https:\/\/www.fueradecampofilms.com\/blog\/wp-json\/wp\/v2\/categories?post=339"},{"taxonomy":"post_tag","embeddable":true,"href":"https:\/\/www.fueradecampofilms.com\/blog\/wp-json\/wp\/v2\/tags?post=339"}],"curies":[{"name":"wp","href":"https:\/\/api.w.org\/{rel}","templated":true}]}}